{"id":651,"date":"2014-02-07T11:10:49","date_gmt":"2014-02-07T10:10:49","guid":{"rendered":"http:\/\/50ans.ieseg.fr\/?p=651"},"modified":"2020-06-10T10:49:15","modified_gmt":"2020-06-10T09:49:15","slug":"nicolas-messio","status":"publish","type":"post","link":"https:\/\/50ans.ieseg.fr\/en\/nicolas-messio\/","title":{"rendered":"Nicolas Messio"},"content":{"rendered":"<p>Once out of I\u00c9SEG in 2003, Nicolas was backed on with a rich career. He also tells us that he keeps close ties with I\u00c9SEG by participating in events involved in the &#8220;Social Impact&#8221; (consisting of students and graduates involved in the processes of social innovation).<\/p>\n<p><strong>How was your life in I\u00c9SEG?<\/strong><\/p>\n<p>I left I\u00c9SEG in 2003 after five years rich in both teaching and learning experiences. We had then created through a communication project an association responsible for the promotion of entrepreneurship among students. Group works in accounting or marketing projects, including that of Jacques Angot are moments that particularly struck me: learning project management, development of creative ideas and pressure resistance . These are all essential qualities in business today.<\/p>\n<p><strong>Can you tell us about the &#8220;I\u00c9SEG community\u201d?<\/strong><\/p>\n<p>After leaving school, I always in touch with the teaching staff, administrative and my classmates, for example, I participated regularly in the oral intake that allowed me to keep one foot in the school and also to see the changing profiles of candidates every year. I am also a stakeholder in the community for &#8220;social impact\u201d of I\u00c9SEG whose objective is to promote social entrepreneurship projects within the school. I am accompanied by students to meet the challenge of combining business and social impact creation<\/p>\n<p><strong>What is your career since you are out of I\u00c9SEG?<\/strong><\/p>\n<p>When I left I\u00c9SEG, I decided to take a crazy gamble to create and develop a network of distribution and import of ethical products under the SOS Group, the first social enterprise in Europe. So I headed Altermundi and its subsidiaries and integrated companies for 8 years and then I had wanted to get &#8221; backup\u201d level by persuing an MBA in Australia and the United States (Los Angeles) . This two-year experience was extremely rewarding and has allowed me to develop tools and working methods which is more Anglo -Saxon. I joined in early 2013 Disneyland Paris to lead the Business Development unit under the leadership of Vice President of Marketing &amp; Sales &#8211; France. My goal is to identify growth drivers of our spring medium term to ensure attendance and income which has become over the years the first European tourist destination.<\/p>\n","protected":false},"excerpt":{"rendered":"<p>Once out of I\u00c9SEG in 2003, Nicolas was backed on with a rich career. He also tells us that he keeps close ties with I\u00c9SEG by participating in events involved in the &#8220;Social Impact&#8221; (consisting of students and graduates involved in the processes of social innovation).<\/p>\n<p>How was your life in I\u00c9SEG?<\/p>\n<p>I left I\u00c9SEG in 2003 after five years rich in [&#8230;]<\/p>\n","protected":false},"author":705,"featured_media":652,"comment_status":"open","ping_status":"open","sticky":false,"template":"","format":"standard","meta":[],"categories":[7],"tags":[],"yoast_head":"<!-- This site is optimized with the Yoast SEO plugin v19.2 - https:\/\/yoast.com\/wordpress\/plugins\/seo\/ -->\n<title>Nicolas Messio - 50 ans I\u00c9SEG<\/title>\n<meta name=\"robots\" content=\"noindex, follow, max-snippet:-1, max-image-preview:large, max-video-preview:-1\" \/>\n<meta property=\"og:locale\" content=\"en_US\" \/>\n<meta property=\"og:type\" content=\"article\" \/>\n<meta property=\"og:title\" content=\"Nicolas Messio - 50 ans I\u00c9SEG\" \/>\n<meta property=\"og:description\" content=\"Once out of I\u00c9SEG in 2003, Nicolas was backed on with a rich career. He also tells us that he keeps close ties with I\u00c9SEG by participating in events involved in the &#8220;Social Impact&#8221; (consisting of students and graduates involved in the processes of social innovation). How was your life in I\u00c9SEG? I left I\u00c9SEG in 2003 after five years rich in [...]\" \/>\n<meta property=\"og:url\" content=\"https:\/\/50ans.ieseg.fr\/en\/nicolas-messio\/\" \/>\n<meta property=\"og:site_name\" content=\"50 ans I\u00c9SEG\" \/>\n<meta property=\"article:published_time\" content=\"2014-02-07T10:10:49+00:00\" \/>\n<meta property=\"article:modified_time\" content=\"2020-06-10T09:49:15+00:00\" \/>\n<meta property=\"og:image\" content=\"https:\/\/50ans.ieseg.fr\/wp-content\/uploads\/sites\/13\/2016\/02\/messio.png\" \/>\n\t<meta property=\"og:image:width\" content=\"502\" \/>\n\t<meta property=\"og:image:height\" content=\"590\" \/>\n\t<meta property=\"og:image:type\" content=\"image\/png\" \/>\n<meta name=\"author\" content=\"anaisandreosso\" \/>\n<meta name=\"twitter:card\" content=\"summary\" \/>\n<meta name=\"twitter:label1\" content=\"Written by\" \/>\n\t<meta name=\"twitter:data1\" content=\"anaisandreosso\" \/>\n\t<meta name=\"twitter:label2\" content=\"Est. reading time\" \/>\n\t<meta name=\"twitter:data2\" content=\"2 minutes\" \/>\n<script type=\"application\/ld+json\" class=\"yoast-schema-graph\">{\"@context\":\"https:\/\/schema.org\",\"@graph\":[{\"@type\":\"WebSite\",\"@id\":\"https:\/\/50ans.ieseg.fr\/#website\",\"url\":\"https:\/\/50ans.ieseg.fr\/\",\"name\":\"50 ans I\u00c9SEG\",\"description\":\"Les 50 ans de l&#039;I\u00c9SEG\",\"potentialAction\":[{\"@type\":\"SearchAction\",\"target\":{\"@type\":\"EntryPoint\",\"urlTemplate\":\"https:\/\/50ans.ieseg.fr\/?s={search_term_string}\"},\"query-input\":\"required name=search_term_string\"}],\"inLanguage\":\"en-US\"},{\"@type\":\"ImageObject\",\"inLanguage\":\"en-US\",\"@id\":\"https:\/\/50ans.ieseg.fr\/en\/nicolas-messio\/#primaryimage\",\"url\":\"https:\/\/50ans.ieseg.fr\/wp-content\/uploads\/sites\/13\/2016\/02\/messio.png\",\"contentUrl\":\"https:\/\/50ans.ieseg.fr\/wp-content\/uploads\/sites\/13\/2016\/02\/messio.png\",\"width\":502,\"height\":590},{\"@type\":\"WebPage\",\"@id\":\"https:\/\/50ans.ieseg.fr\/en\/nicolas-messio\/#webpage\",\"url\":\"https:\/\/50ans.ieseg.fr\/en\/nicolas-messio\/\",\"name\":\"Nicolas Messio - 50 ans I\u00c9SEG\",\"isPartOf\":{\"@id\":\"https:\/\/50ans.ieseg.fr\/#website\"},\"primaryImageOfPage\":{\"@id\":\"https:\/\/50ans.ieseg.fr\/en\/nicolas-messio\/#primaryimage\"},\"datePublished\":\"2014-02-07T10:10:49+00:00\",\"dateModified\":\"2020-06-10T09:49:15+00:00\",\"author\":{\"@id\":\"https:\/\/50ans.ieseg.fr\/#\/schema\/person\/9b4792da5f34195c282ad811e420599f\"},\"breadcrumb\":{\"@id\":\"https:\/\/50ans.ieseg.fr\/en\/nicolas-messio\/#breadcrumb\"},\"inLanguage\":\"en-US\",\"potentialAction\":[{\"@type\":\"ReadAction\",\"target\":[\"https:\/\/50ans.ieseg.fr\/en\/nicolas-messio\/\"]}]},{\"@type\":\"BreadcrumbList\",\"@id\":\"https:\/\/50ans.ieseg.fr\/en\/nicolas-messio\/#breadcrumb\",\"itemListElement\":[{\"@type\":\"ListItem\",\"position\":1,\"name\":\"Accueil\",\"item\":\"https:\/\/50ans.ieseg.fr\/\"},{\"@type\":\"ListItem\",\"position\":2,\"name\":\"Nicolas Messio\"}]},{\"@type\":\"Person\",\"@id\":\"https:\/\/50ans.ieseg.fr\/#\/schema\/person\/9b4792da5f34195c282ad811e420599f\",\"name\":\"anaisandreosso\",\"image\":{\"@type\":\"ImageObject\",\"inLanguage\":\"en-US\",\"@id\":\"https:\/\/50ans.ieseg.fr\/#\/schema\/person\/image\/\",\"url\":\"https:\/\/secure.gravatar.com\/avatar\/32dc0e4965c65204cf4f70987119c558?s=96&d=mm&r=g\",\"contentUrl\":\"https:\/\/secure.gravatar.com\/avatar\/32dc0e4965c65204cf4f70987119c558?s=96&d=mm&r=g\",\"caption\":\"anaisandreosso\"},\"url\":\"https:\/\/50ans.ieseg.fr\/en\/author\/anaisandreosso\/\"}]}<\/script>\n<!-- \/ Yoast SEO plugin. -->","yoast_head_json":{"title":"Nicolas Messio - 50 ans I\u00c9SEG","robots":{"index":"noindex","follow":"follow","max-snippet":"max-snippet:-1","max-image-preview":"max-image-preview:large","max-video-preview":"max-video-preview:-1"},"og_locale":"en_US","og_type":"article","og_title":"Nicolas Messio - 50 ans I\u00c9SEG","og_description":"Once out of I\u00c9SEG in 2003, Nicolas was backed on with a rich career. He also tells us that he keeps close ties with I\u00c9SEG by participating in events involved in the &#8220;Social Impact&#8221; (consisting of students and graduates involved in the processes of social innovation). How was your life in I\u00c9SEG? I left I\u00c9SEG in 2003 after five years rich in [...]","og_url":"https:\/\/50ans.ieseg.fr\/en\/nicolas-messio\/","og_site_name":"50 ans I\u00c9SEG","article_published_time":"2014-02-07T10:10:49+00:00","article_modified_time":"2020-06-10T09:49:15+00:00","og_image":[{"width":502,"height":590,"url":"https:\/\/50ans.ieseg.fr\/wp-content\/uploads\/sites\/13\/2016\/02\/messio.png","type":"image\/png"}],"author":"anaisandreosso","twitter_card":"summary","twitter_misc":{"Written by":"anaisandreosso","Est. reading time":"2 minutes"},"schema":{"@context":"https:\/\/schema.org","@graph":[{"@type":"WebSite","@id":"https:\/\/50ans.ieseg.fr\/#website","url":"https:\/\/50ans.ieseg.fr\/","name":"50 ans I\u00c9SEG","description":"Les 50 ans de l&#039;I\u00c9SEG","potentialAction":[{"@type":"SearchAction","target":{"@type":"EntryPoint","urlTemplate":"https:\/\/50ans.ieseg.fr\/?s={search_term_string}"},"query-input":"required name=search_term_string"}],"inLanguage":"en-US"},{"@type":"ImageObject","inLanguage":"en-US","@id":"https:\/\/50ans.ieseg.fr\/en\/nicolas-messio\/#primaryimage","url":"https:\/\/50ans.ieseg.fr\/wp-content\/uploads\/sites\/13\/2016\/02\/messio.png","contentUrl":"https:\/\/50ans.ieseg.fr\/wp-content\/uploads\/sites\/13\/2016\/02\/messio.png","width":502,"height":590},{"@type":"WebPage","@id":"https:\/\/50ans.ieseg.fr\/en\/nicolas-messio\/#webpage","url":"https:\/\/50ans.ieseg.fr\/en\/nicolas-messio\/","name":"Nicolas Messio - 50 ans I\u00c9SEG","isPartOf":{"@id":"https:\/\/50ans.ieseg.fr\/#website"},"primaryImageOfPage":{"@id":"https:\/\/50ans.ieseg.fr\/en\/nicolas-messio\/#primaryimage"},"datePublished":"2014-02-07T10:10:49+00:00","dateModified":"2020-06-10T09:49:15+00:00","author":{"@id":"https:\/\/50ans.ieseg.fr\/#\/schema\/person\/9b4792da5f34195c282ad811e420599f"},"breadcrumb":{"@id":"https:\/\/50ans.ieseg.fr\/en\/nicolas-messio\/#breadcrumb"},"inLanguage":"en-US","potentialAction":[{"@type":"ReadAction","target":["https:\/\/50ans.ieseg.fr\/en\/nicolas-messio\/"]}]},{"@type":"BreadcrumbList","@id":"https:\/\/50ans.ieseg.fr\/en\/nicolas-messio\/#breadcrumb","itemListElement":[{"@type":"ListItem","position":1,"name":"Accueil","item":"https:\/\/50ans.ieseg.fr\/"},{"@type":"ListItem","position":2,"name":"Nicolas Messio"}]},{"@type":"Person","@id":"https:\/\/50ans.ieseg.fr\/#\/schema\/person\/9b4792da5f34195c282ad811e420599f","name":"anaisandreosso","image":{"@type":"ImageObject","inLanguage":"en-US","@id":"https:\/\/50ans.ieseg.fr\/#\/schema\/person\/image\/","url":"https:\/\/secure.gravatar.com\/avatar\/32dc0e4965c65204cf4f70987119c558?s=96&d=mm&r=g","contentUrl":"https:\/\/secure.gravatar.com\/avatar\/32dc0e4965c65204cf4f70987119c558?s=96&d=mm&r=g","caption":"anaisandreosso"},"url":"https:\/\/50ans.ieseg.fr\/en\/author\/anaisandreosso\/"}]}},"_links":{"self":[{"href":"https:\/\/50ans.ieseg.fr\/en\/wp-json\/wp\/v2\/posts\/651"}],"collection":[{"href":"https:\/\/50ans.ieseg.fr\/en\/wp-json\/wp\/v2\/posts"}],"about":[{"href":"https:\/\/50ans.ieseg.fr\/en\/wp-json\/wp\/v2\/types\/post"}],"author":[{"embeddable":true,"href":"https:\/\/50ans.ieseg.fr\/en\/wp-json\/wp\/v2\/users\/705"}],"replies":[{"embeddable":true,"href":"https:\/\/50ans.ieseg.fr\/en\/wp-json\/wp\/v2\/comments?post=651"}],"version-history":[{"count":1,"href":"https:\/\/50ans.ieseg.fr\/en\/wp-json\/wp\/v2\/posts\/651\/revisions"}],"predecessor-version":[{"id":653,"href":"https:\/\/50ans.ieseg.fr\/en\/wp-json\/wp\/v2\/posts\/651\/revisions\/653"}],"wp:featuredmedia":[{"embeddable":true,"href":"https:\/\/50ans.ieseg.fr\/en\/wp-json\/wp\/v2\/media\/652"}],"wp:attachment":[{"href":"https:\/\/50ans.ieseg.fr\/en\/wp-json\/wp\/v2\/media?parent=651"}],"wp:term":[{"taxonomy":"category","embeddable":true,"href":"https:\/\/50ans.ieseg.fr\/en\/wp-json\/wp\/v2\/categories?post=651"},{"taxonomy":"post_tag","embeddable":true,"href":"https:\/\/50ans.ieseg.fr\/en\/wp-json\/wp\/v2\/tags?post=651"}],"curies":[{"name":"wp","href":"https:\/\/api.w.org\/{rel}","templated":true}]}}